{"id":231,"date":"2024-03-12T18:24:46","date_gmt":"2024-03-12T21:24:46","guid":{"rendered":"http:\/\/177.136.204.104\/?p=231"},"modified":"2024-03-15T12:48:43","modified_gmt":"2024-03-15T15:48:43","slug":"estudantes-criam-cadeira-acessivel-para-locomocao-e-praticas-esportivas-em-fortaleza","status":"publish","type":"post","link":"https:\/\/www.amiguinho.com.br\/index.php\/estudantes-criam-cadeira-acessivel-para-locomocao-e-praticas-esportivas-em-fortaleza\/","title":{"rendered":"Estudantes criam cadeira acess\u00edvel para locomo\u00e7\u00e3o e pr\u00e1ticas esportivas em Fortaleza"},"content":{"rendered":"<p>Exemplares de uma cadeira acess\u00edvel para locomo\u00e7\u00e3o, reabilita\u00e7\u00e3o e pr\u00e1ticas esportivas de pessoas com defici\u00eancia foram criados por estudantes do Instituto Federal de Educa\u00e7\u00e3o, Ci\u00eancia e Tecnologia do Cear\u00e1 (IFCE). O grupo deve doar pe\u00e7as para institui\u00e7\u00f5es sociais e busca parceria como forma de produzir numa escala maior.<\/p>\n<p>A iniciativa foi aprovada num edital estadual e deve ser aperfei\u00e7oada com apoio de impressora 3D. No pr\u00f3ximo ano, a expectativa dos professores \u00e9 disponibilizar o equipamento para uso na Beira Mar de Fortaleza.<\/p>\n<p>Os alunos envolvidos na iniciativa s\u00e3o do curso t\u00e9cnico integrado em Mec\u00e2nica Industrial, do campus Fortaleza, que desenvolveram o modelo chamado de \u201cCadeira Petra\u201d para pessoas com dificuldade neuromotora e de locomo\u00e7\u00e3o.<\/p>\n<p>A estrutura possui um quadro semelhante ao de um triciclo, no formato da letra \u201cA\u201d, com duas rodas traseiras e uma dianteira. Tamb\u00e9m h\u00e1 um guid\u00e3o para o usu\u00e1rio se apoiar durante o movimento. A altura \u00e9 ajust\u00e1vel ao tamanho do usu\u00e1rio.<\/p>\n<p>Com a Cadeira Petra, o grupo oferece uma ferramenta de mobilidade e reabilita\u00e7\u00e3o, al\u00e9m de permitir a inclus\u00e3o de pessoas com defici\u00eancias em atividades esportivas, por exemplo.<\/p>\n<p>A produ\u00e7\u00e3o faz parte de uma atividade acad\u00eamica para dar uma aplica\u00e7\u00e3o ao conhecimento adquirido nas aulas.<\/p>\n<p>Os estudantes constru\u00edram e testaram alguns exemplares, avaliando os crit\u00e9rios de: mobilidade, frenagem, apoio do t\u00f3rax, rodas, processos de fabrica\u00e7\u00e3o empregados e criatividade. Os melhores equipamentos ser\u00e3o doados para institui\u00e7\u00f5es que atuam com pessoas com defici\u00eancia.<\/p>\n<p>Rodrigo Guimar\u00e3es, professor do IFCE integrante da iniciativa, explica que a ideia \u00e9 ampliar o acesso de pessoas com defici\u00eancia ao equipamento.<\/p>\n<p>&#8220;Foi feito um estudo de caso com os alunos do semestre passado e, a partir disso, verificamos a viabilidade do equipamento, criamos um projeto para submeter a um edital do Governo do Estado e fomos aprovados&#8221;<\/p>\n<p>Muito bacana, n\u00e9?<\/p>\n<p>IMAGEM: Di\u00e1rio do Nordeste<\/p>\n","protected":false},"excerpt":{"rendered":"<p>Exemplares de uma cadeira acess\u00edvel para locomo\u00e7\u00e3o, reabilita\u00e7\u00e3o e pr\u00e1ticas esportivas de pessoas com defici\u00eancia foram criados por estudantes do Instituto Federal de Educa\u00e7\u00e3o, Ci\u00eancia e Tecnologia do Cear\u00e1 (IFCE). O grupo deve doar pe\u00e7as para institui\u00e7\u00f5es sociais e busca parceria como forma de produzir numa escala maior. A iniciativa foi aprovada num edital estadual&#8230;<\/p>\n","protected":false},"author":2,"featured_media":0,"comment_status":"open","ping_status":"open","sticky":false,"template":"","format":"standard","meta":{"_acf_changed":false,"footnotes":""},"categories":[14],"tags":[30,6,29,28,7,27,31],"acf":[],"_links":{"self":[{"href":"https:\/\/www.amiguinho.com.br\/index.php\/wp-json\/wp\/v2\/posts\/231"}],"collection":[{"href":"https:\/\/www.amiguinho.com.br\/index.php\/wp-json\/wp\/v2\/posts"}],"about":[{"href":"https:\/\/www.amiguinho.com.br\/index.php\/wp-json\/wp\/v2\/types\/post"}],"author":[{"embeddable":true,"href":"https:\/\/www.amiguinho.com.br\/index.php\/wp-json\/wp\/v2\/users\/2"}],"replies":[{"embeddable":true,"href":"https:\/\/www.amiguinho.com.br\/index.php\/wp-json\/wp\/v2\/comments?post=231"}],"version-history":[{"count":3,"href":"https:\/\/www.amiguinho.com.br\/index.php\/wp-json\/wp\/v2\/posts\/231\/revisions"}],"predecessor-version":[{"id":262,"href":"https:\/\/www.amiguinho.com.br\/index.php\/wp-json\/wp\/v2\/posts\/231\/revisions\/262"}],"wp:attachment":[{"href":"https:\/\/www.amiguinho.com.br\/index.php\/wp-json\/wp\/v2\/media?parent=231"}],"wp:term":[{"taxonomy":"category","embeddable":true,"href":"https:\/\/www.amiguinho.com.br\/index.php\/wp-json\/wp\/v2\/categories?post=231"},{"taxonomy":"post_tag","embeddable":true,"href":"https:\/\/www.amiguinho.com.br\/index.php\/wp-json\/wp\/v2\/tags?post=231"}],"curies":[{"name":"wp","href":"https:\/\/api.w.org\/{rel}","templated":true}]}}