{"id":179,"date":"2024-03-07T18:59:27","date_gmt":"2024-03-07T21:59:27","guid":{"rendered":"http:\/\/177.136.204.104\/?p=179"},"modified":"2024-03-15T12:45:07","modified_gmt":"2024-03-15T15:45:07","slug":"o-boom-das-e-bikes-na-alemanha-vendas-de-bikes-eletricas-devem-superar-as-de-modelo","status":"publish","type":"post","link":"https:\/\/www.amiguinho.com.br\/index.php\/o-boom-das-e-bikes-na-alemanha-vendas-de-bikes-eletricas-devem-superar-as-de-modelo\/","title":{"rendered":"O boom das e-bikes: na Alemanha, vendas de bikes el\u00e9tricas devem superar as de modelo&#8230;"},"content":{"rendered":"<p>Segundo a Associa\u00e7\u00e3o Alem\u00e3 da Ind\u00fastria de Bicicletas, as bikes el\u00e9tricas devem superar pela primeira vez os modelos convencionais em vendas este ano. Segundo a Associa\u00e7\u00e3o, as vendas de bicicletas atingiram um novo recorde de 7,36 bilh\u00f5es de euros em 2022 (quase R$ 40 bilh\u00f5es em convers\u00e3o direta).<\/p>\n<p>Ainda n\u00e3o superou, as e-bikes representaram quase metade do total, mas agora, o grupo prev\u00ea que os alem\u00e3es comprar\u00e3o mais bicicletas el\u00e9tricas que modelos convencionais este ano. E o grande impulso veio com as e-MTBs. J\u00e1 a Europa como um todo, deve responder sozinha pela venda anual de 10 milh\u00f5es de bicicletas el\u00e9tricas at\u00e9 2025. As informa\u00e7\u00f5es s\u00e3o do The New York Times.<\/p>\n<p>Uma pesquisa na Alemanha mostra que a ado\u00e7\u00e3o das e-bikes l\u00e1, \u00e9 mais que o dobro em compara\u00e7\u00e3o com carros el\u00e9tricos. A Alemanha j\u00e1 ocupa uma posi\u00e7\u00e3o de lideran\u00e7a no mercado europeu de bicicletas el\u00e9tricas. Alemanha \u00e9 a casa de v\u00e1rias marcas importantes. Al\u00e9m disso, a maioria dos motores de e-bikes usadas \u200b\u200bna Europa v\u00eam de fabricantes alem\u00e3es como Bosch e Brose. E, com o avan\u00e7o da tecnologia e concorr\u00eancia, a tend\u00eancia \u00e9 que os pre\u00e7os das e-bikes baixem num curto prazo.<\/p>\n<p>Lass uns in die Pedale treten!<\/p>\n<p>IMAGEM: KBO Bike &#8211; Unsplash<\/p>\n","protected":false},"excerpt":{"rendered":"<p>Segundo a Associa\u00e7\u00e3o Alem\u00e3 da Ind\u00fastria de Bicicletas, as bikes el\u00e9tricas devem superar pela primeira vez os modelos convencionais em vendas este ano. Segundo a Associa\u00e7\u00e3o, as vendas de bicicletas atingiram um novo recorde de 7,36 bilh\u00f5es de euros em 2022 (quase R$ 40 bilh\u00f5es em convers\u00e3o direta). Ainda n\u00e3o superou, as e-bikes representaram quase&#8230;<\/p>\n","protected":false},"author":2,"featured_media":258,"comment_status":"open","ping_status":"open","sticky":false,"template":"","format":"standard","meta":{"_acf_changed":false,"footnotes":""},"categories":[14],"tags":[6,11,10,24,23,22,26,7,25],"acf":[],"_links":{"self":[{"href":"https:\/\/www.amiguinho.com.br\/index.php\/wp-json\/wp\/v2\/posts\/179"}],"collection":[{"href":"https:\/\/www.amiguinho.com.br\/index.php\/wp-json\/wp\/v2\/posts"}],"about":[{"href":"https:\/\/www.amiguinho.com.br\/index.php\/wp-json\/wp\/v2\/types\/post"}],"author":[{"embeddable":true,"href":"https:\/\/www.amiguinho.com.br\/index.php\/wp-json\/wp\/v2\/users\/2"}],"replies":[{"embeddable":true,"href":"https:\/\/www.amiguinho.com.br\/index.php\/wp-json\/wp\/v2\/comments?post=179"}],"version-history":[{"count":5,"href":"https:\/\/www.amiguinho.com.br\/index.php\/wp-json\/wp\/v2\/posts\/179\/revisions"}],"predecessor-version":[{"id":259,"href":"https:\/\/www.amiguinho.com.br\/index.php\/wp-json\/wp\/v2\/posts\/179\/revisions\/259"}],"wp:featuredmedia":[{"embeddable":true,"href":"https:\/\/www.amiguinho.com.br\/index.php\/wp-json\/wp\/v2\/media\/258"}],"wp:attachment":[{"href":"https:\/\/www.amiguinho.com.br\/index.php\/wp-json\/wp\/v2\/media?parent=179"}],"wp:term":[{"taxonomy":"category","embeddable":true,"href":"https:\/\/www.amiguinho.com.br\/index.php\/wp-json\/wp\/v2\/categories?post=179"},{"taxonomy":"post_tag","embeddable":true,"href":"https:\/\/www.amiguinho.com.br\/index.php\/wp-json\/wp\/v2\/tags?post=179"}],"curies":[{"name":"wp","href":"https:\/\/api.w.org\/{rel}","templated":true}]}}